{"id":13310,"date":"2012-08-06T15:30:18","date_gmt":"2012-08-06T13:30:18","guid":{"rendered":"http:\/\/soaplexikon.de\/cms\/?p=13310"},"modified":"2014-04-21T11:15:59","modified_gmt":"2014-04-21T09:15:59","slug":"days-of-our-lives-daysaster","status":"publish","type":"post","link":"https:\/\/soaplexikon.de\/cms\/days-of-our-lives-daysaster\/","title":{"rendered":"Days Of Our Lives: DAYSaster (UPDATED)"},"content":{"rendered":"<table border=\"0\">\n<tbody>\n<tr>\n<td><img loading=\"lazy\" decoding=\"async\" class=\"alignnone\" title=\"Days Of Our Lives\" src=\"http:\/\/www.soaplexikon.de\/image\/days.jpg\" alt=\"\" width=\"100\" height=\"100\" \/><\/td>\n<td>Am 27. Juli 2012 verabschiedete sich die US-Daily &#8222;Days Of Our Lives&#8220; mit einem gro\u00dfen Knall in die Olympia-Pause und hinterlies ein gro\u00dfes DAYSaster &#8211; mit der Frage: Wer hat die Explosion \u00fcberlebt?<\/td>\n<\/tr>\n<\/tbody>\n<\/table>\n<p><!--more--><\/p>\n<p>Nach Negativschlagzeilen, u.a. \u00fcber die Entlassung von <a title=\"Peter Reckell\" href=\"http:\/\/soaplexikon.de\/cms\/us-castingnews-juni-2012\/\" target=\"_blank\">Peter Reckell<\/a>, schaffte es NBC die Spannung auf die neuen Folgen, die ab dem 13. August 2012 ausgestrahlt werden, in die H\u00f6he zu treiben. Interviews, Making-Ofs und Chats mit den Schauspielern sorgten f\u00fcr eine immer milder gestimmte Fanbase. Doch diese Seifenblase k\u00f6nnte nach der Aufl\u00f6sung des Cliffhangers zerplatzen.<\/p>\n<p>Ein EW-Trailer spoilert, dass die entlassenen <a title=\"Sarah Brown\" href=\"http:\/\/soaplexikon.de\/cms\/us-update-11-april-2012\/\" target=\"_blank\">Sarah Brown<\/a> und <a title=\"Matthew Ashford\" href=\"http:\/\/soaplexikon.de\/cms\/us-update-11-april-2012\/\" target=\"_blank\">Matthew Ashford<\/a> sterben werden. Auch Caleb Hunt hat die Serie verlassen.<\/p>\n","protected":false},"excerpt":{"rendered":"<p>Am 27. Juli 2012 verabschiedete sich die US-Daily &#8222;Days Of Our Lives&#8220; mit einem gro\u00dfen Knall in die Olympia-Pause und hinterlies ein gro\u00dfes DAYSaster &#8211; mit der Frage: Wer hat die Explosion \u00fcberlebt?<\/p>\n","protected":false},"author":2,"featured_media":0,"comment_status":"open","ping_status":"open","sticky":false,"template":"","format":"standard","meta":{"footnotes":""},"categories":[199],"tags":[],"class_list":["post-13310","post","type-post","status-publish","format-standard","hentry","category-days-of-our-lives"],"_links":{"self":[{"href":"https:\/\/soaplexikon.de\/cms\/wp-json\/wp\/v2\/posts\/13310","targetHints":{"allow":["GET"]}}],"collection":[{"href":"https:\/\/soaplexikon.de\/cms\/wp-json\/wp\/v2\/posts"}],"about":[{"href":"https:\/\/soaplexikon.de\/cms\/wp-json\/wp\/v2\/types\/post"}],"author":[{"embeddable":true,"href":"https:\/\/soaplexikon.de\/cms\/wp-json\/wp\/v2\/users\/2"}],"replies":[{"embeddable":true,"href":"https:\/\/soaplexikon.de\/cms\/wp-json\/wp\/v2\/comments?post=13310"}],"version-history":[{"count":17,"href":"https:\/\/soaplexikon.de\/cms\/wp-json\/wp\/v2\/posts\/13310\/revisions"}],"predecessor-version":[{"id":24818,"href":"https:\/\/soaplexikon.de\/cms\/wp-json\/wp\/v2\/posts\/13310\/revisions\/24818"}],"wp:attachment":[{"href":"https:\/\/soaplexikon.de\/cms\/wp-json\/wp\/v2\/media?parent=13310"}],"wp:term":[{"taxonomy":"category","embeddable":true,"href":"https:\/\/soaplexikon.de\/cms\/wp-json\/wp\/v2\/categories?post=13310"},{"taxonomy":"post_tag","embeddable":true,"href":"https:\/\/soaplexikon.de\/cms\/wp-json\/wp\/v2\/tags?post=13310"}],"curies":[{"name":"wp","href":"https:\/\/api.w.org\/{rel}","templated":true}]}}