{"id":12994,"date":"2012-09-01T07:30:44","date_gmt":"2012-09-01T05:30:44","guid":{"rendered":"http:\/\/soaplexikon.de\/cms\/?p=12994"},"modified":"2015-08-23T12:19:42","modified_gmt":"2015-08-23T10:19:42","slug":"castingnews-august-2012","status":"publish","type":"post","link":"https:\/\/soaplexikon.de\/cms\/castingnews-august-2012\/","title":{"rendered":"Castingnews: August 2012 (UPDATED)"},"content":{"rendered":"<table border=\"0\">\n<tbody>\n<tr>\n<td><img loading=\"lazy\" decoding=\"async\" class=\"alignnone\" title=\"Alles was z\u00e4hlt\" src=\"http:\/\/www.soaplexikon.de\/image\/awz.jpg\" alt=\"\" width=\"100\" height=\"100\" \/><\/td>\n<td>Hier findet ihr eine \u00dcbersicht \u00fcber die Ein- und Ausstiege aller deutschen Soaps und Telenovelas im August 2012: Bei &#8222;Ein Fall f\u00fcr die Anrheiner&#8220; gibt es eine R\u00fcckkehr aus der urspr\u00fcnglichen Soap, bei &#8222;Verbotene Liebe&#8220; steigt eine liebgewonnene Rolle aus, und bei GZSZ stehen einige neue Gastrollen in den Startl\u00f6chern&#8230;<\/td>\n<\/tr>\n<\/tbody>\n<\/table>\n<p><!--more--><\/p>\n<table border=\"0\">\n<tbody>\n<tr>\n<td colspan=\"2\">Alles was z\u00e4hlt:<\/td>\n<\/tr>\n<tr>\n<td rowspan=\"2\"><img loading=\"lazy\" decoding=\"async\" title=\"Alles was z\u00e4hlt\" src=\"http:\/\/www.soaplexikon.de\/image\/awz.jpg\" alt=\"\" width=\"100\" height=\"100\" \/><\/td>\n<td>David Halina wird ab dem 26. September 2012 (Folge 1528) als &#8222;Chris B\u00f6ttcher&#8220; zu sehen sein.<\/td>\n<\/tr>\n<tr>\n<td>Julia Engelmann (alias &#8222;Franziska Steinkamp&#8220;) und Michael Kuehl (alias &#8222;Florian Wild&#8220;) werden im Oktober 2012 das letzte Mal bei AWZ zu sehen sein. Ihre Rollen gehen zusammen nach Kanada.<\/td>\n<\/tr>\n<tr>\n<td colspan=\"2\"><\/td>\n<\/tr>\n<tr>\n<td colspan=\"2\">Dahoam is Dahoam:<\/td>\n<\/tr>\n<tr>\n<td><img loading=\"lazy\" decoding=\"async\" title=\"Dahoam is Dahoam\" src=\"http:\/\/www.soaplexikon.de\/image\/did.jpg\" alt=\"\" width=\"100\" height=\"100\" \/><\/td>\n<td>Sabine Bach (u.a. So ist das Leben &#8211; die Wagenfelds) ist in Folge 986 (6. September 2012) als &#8222;Martins&#8220; (Herman Giefer) Internetbekanntschaft &#8222;Helena&#8220; zu sehen.<\/td>\n<\/tr>\n<tr>\n<td colspan=\"2\"><\/td>\n<\/tr>\n<tr>\n<td colspan=\"2\">Ein Fall f\u00fcr die Anrheiner:<\/td>\n<\/tr>\n<tr>\n<td><img loading=\"lazy\" decoding=\"async\" class=\"alignnone\" title=\"Die Anrheiner\" src=\"http:\/\/www.soaplexikon.de\/image\/anrheiner.jpg\" alt=\"\" width=\"100\" height=\"100\" \/><\/td>\n<td>Wer in den letzten Tagen einen Blick auf die <a title=\"WDR-Seite\" href=\"http:\/\/www.wdr.de\/tv\/anrheiner\/team\/rolf_berg.jsp\" target=\"_blank\">WDR-Seite<\/a> zu &#8222;Ein Fall f\u00fcr die Anrheiner&#8220; geworfen hat, hat sicherlich bemerkt, dass Rolf Berg alias &#8222;Josef Krings&#8220; wieder unter den Schauspielern gelistet ist. Laut seiner Agentur kehrt er in einer durchgehende Nebenrolle zur\u00fcck zur Serie. Laut dem Rollenprofil hat &#8222;Josef&#8220; seine Haftstrafe abgesessen und kehrt mit neuen Zielen ins Veedel zur\u00fcck.<\/td>\n<\/tr>\n<tr>\n<td colspan=\"2\"><\/td>\n<\/tr>\n<tr>\n<td colspan=\"2\">Gute Zeiten Schlechte Zeiten:<\/td>\n<\/tr>\n<tr>\n<td rowspan=\"4\"><img loading=\"lazy\" decoding=\"async\" title=\"Gute Zeiten Schlechte Zeiten\" src=\"http:\/\/www.soaplexikon.de\/image\/gzsz_kl.jpg\" alt=\"\" width=\"100\" height=\"100\" \/><\/td>\n<td>Am 6. September wird Adriana M\u00f6bius als junge Studentin &#8222;Julie Moreau&#8220; zu sehen sein und &#8222;Dominik&#8220; (Raul Richter) den Kopf verdrehen. Mehr zu Adrianas Einstieg gibt es <a title=\"hier\" href=\"http:\/\/soaplexikon.de\/cms\/gute-zeiten-schlechte-zeiten-adriana-mobius-neu-als-julie-moreau\/\" target=\"_blank\">hier<\/a>.<\/td>\n<\/tr>\n<tr>\n<td>Ebenfalls im September kommt Merlin Leonhardt als &#8222;Till &#8218;Bommel&#8216; Kuhn&#8220;. Mehr zu Merlins Einstieg gibt es <a title=\"hier\" href=\"http:\/\/soaplexikon.de\/cms\/gute-zeiten-schlechte-zeiten-ein-weiteres-neues-gesicht-stellt-sich-vor\/\" target=\"_blank\">hier<\/a>.<\/td>\n<\/tr>\n<tr>\n<td>Samia Damenhauer aloas &#8222;Jacky Kr\u00fcger&#8220; verl\u00e4sst GZSZ bereits diesen September wieder, nach nicht einmal einem Jahr.<\/td>\n<\/tr>\n<tr>\n<td>Eva Mona Rodekirchen alias &#8222;Maren Seefeld&#8220; ist schwanger und wird sich in wenigen Wochen in die Babypause verabschieden. Wie &#8222;Maren&#8220; Berlin verlassen wird, ist noch nicht bekannt.<\/td>\n<\/tr>\n<tr>\n<td colspan=\"2\"><\/td>\n<\/tr>\n<tr>\n<td colspan=\"2\">Hotel 13:<\/td>\n<\/tr>\n<tr>\n<td><img loading=\"lazy\" decoding=\"async\" title=\"Hotel 13\" src=\"http:\/\/www.soaplexikon.de\/image\/hotel-13.jpg\" alt=\"\" width=\"100\" height=\"100\" \/><\/td>\n<td><a title=\"Ela Paul\" href=\"http:\/\/soaplexikon.de\/cms\/unter-uns-interview-mit-ela-paul\/\" target=\"_blank\">Ela Paul<\/a>, aktuell noch bei &#8222;Unter Uns&#8220; zu sehen, steht derzeit in einer Episodenrolle in Antwerpen f\u00fcr &#8222;Hotel 13&#8220; vor der Kamera.<\/td>\n<\/tr>\n<tr>\n<td colspan=\"2\"><\/td>\n<\/tr>\n<tr>\n<td colspan=\"2\">Rote Rosen:<\/td>\n<\/tr>\n<tr>\n<td><img loading=\"lazy\" decoding=\"async\" class=\"alignnone\" title=\"Rote Rosen\" src=\"http:\/\/www.soaplexikon.de\/image\/rr.jpg\" alt=\"\" width=\"100\" height=\"100\" \/><\/td>\n<td>Maria Fuchs (alias &#8222;Carla&#8220;) und Nela Schmitz (alias &#8222;Bente&#8220;) sind schwanger. Mehr dazu gibt es <a title=\"hier\" href=\"http:\/\/soaplexikon.de\/cms\/roten-rosen-maria-fuchs-und-nela-schmitz-freuen-sich-uber-nachwuchs\/\" target=\"_blank\">hier<\/a>.<\/td>\n<\/tr>\n<tr>\n<td colspan=\"2\"><\/td>\n<\/tr>\n<tr>\n<td colspan=\"2\">Schloss Einstein:<\/td>\n<\/tr>\n<tr>\n<td rowspan=\"2\"><img loading=\"lazy\" decoding=\"async\" title=\"Schloss Einstein\" src=\"http:\/\/www.soaplexikon.de\/image\/se.jpg\" alt=\"\" width=\"100\" height=\"100\" \/><\/td>\n<td>Auch Albert Wey alias &#8222;Elias Leonhoff&#8220; verl\u00e4sst SE. Seine letzte Folge, in der auch noch einmal Kristin Meyer als seine Serienmutter &#8222;Andrea&#8220; auftaucht, ist am 29. Dezember 2012 (Folge 740) zu sehen.<\/td>\n<\/tr>\n<tr>\n<td>Lennart K\u00f6nig alias S\u00e1ndor Laszlo verl\u00e4sst zum Beginn der neuen Produktionsstaffel (Ausstrahlung Januar 2013) Schloss Einstein.<\/td>\n<\/tr>\n<tr>\n<td colspan=\"2\"><\/td>\n<\/tr>\n<tr>\n<td colspan=\"2\">Sturm der Liebe:<\/td>\n<\/tr>\n<tr>\n<td><img loading=\"lazy\" decoding=\"async\" title=\"Sturm der Liebe\" src=\"http:\/\/www.soaplexikon.de\/image\/sdl.jpg\" alt=\"\" width=\"100\" height=\"100\" \/><\/td>\n<td>Lili Gesler steht nur noch bis Ende des Monats bei SDL vor der Kamera. Sie hat als &#8222;Elena&#8220; voraussichtlich am 25. Oktober 2012 ihren letzten Auftritt.<\/td>\n<\/tr>\n<tr>\n<td colspan=\"2\"><\/td>\n<\/tr>\n<tr>\n<td colspan=\"2\">Verbotene Liebe:<\/td>\n<\/tr>\n<tr>\n<td rowspan=\"4\"><img loading=\"lazy\" decoding=\"async\" class=\"alignnone\" title=\"Verbotene Liebe\" src=\"http:\/\/www.soaplexikon.de\/image\/vl_kl.jpg\" alt=\"\" width=\"100\" height=\"100\" \/><\/td>\n<td>Laut seiner Homepage steht Rolf Berg derzeit auch f\u00fcr VL vor der Kamera. Welche Rolle er dort spielt, ist allerdings noch nicht bekannt.<\/td>\n<\/tr>\n<tr>\n<td>Konrad Krauss alias &#8222;Arno Brandner&#8220; <a title=\"steigt bei VL aus\" href=\"http:\/\/soaplexikon.de\/cms\/verbotene-liebe-abschied-eines-urgesteins\/\" target=\"_blank\">steigt bei VL aus<\/a>. Bereits in Folge 4140 (11. September 2012) stirbt er.<\/td>\n<\/tr>\n<tr>\n<td>Claudia Scarpatetti\u00a0alias &#8222;Susanne Brandner&#8220; hat anl\u00e4sslich der Beerdigung ihres Serienvaters in Folge 4142 (13. September 2012) einen Gastauftritt in VL.<\/td>\n<\/tr>\n<tr>\n<td><a title=\"Thore Sch\u00f6lermann\" href=\"http:\/\/soaplexikon.de\/cms\/verbotene-liebe-interview-mit-thore-scholermann\/\" target=\"_blank\">Thore Sch\u00f6lermann<\/a> wird eine l\u00e4ngere Pause bei VL einlegen. Derzeit hat er seine letzten Drehtage und will sich dann haupts\u00e4chlich auf &#8222;The Voice of Germany&#8220; konzentrieren. Wie &#8222;Christian&#8220; aussteigt ist noch nicht bekannt.<\/td>\n<\/tr>\n<\/tbody>\n<\/table>\n<p><\/p>\n","protected":false},"excerpt":{"rendered":"<p>Hier findet ihr eine \u00dcbersicht \u00fcber die Ein- und Ausstiege aller deutschen Soaps und Telenovelas im August 2012: Bei &#8222;Ein Fall f\u00fcr die Anrheiner&#8220; gibt es eine R\u00fcckkehr aus der urspr\u00fcnglichen Soap, bei &#8222;Verbotene Liebe&#8220; steigt eine liebgewonnene Rolle aus, und bei GZSZ stehen einige neue Gastrollen in den Startl\u00f6chern&#8230;<\/p>\n","protected":false},"author":2,"featured_media":0,"comment_status":"open","ping_status":"open","sticky":false,"template":"","format":"standard","meta":{"footnotes":""},"categories":[64,82,69,38,426,77,136,78,5],"tags":[724,1037],"class_list":["post-12994","post","type-post","status-publish","format-standard","hentry","category-alles-was-zahlt","category-dahoam-is-dahoam","category-die-anrheiner","category-gute-zeiten-schlechte-zeiten","category-hotel-13","category-rote-rosen","category-schloss-einstein","category-sturm-der-liebe","category-verbotene-liebe","tag-lili-gesler","tag-michael-n-kuehl"],"_links":{"self":[{"href":"https:\/\/soaplexikon.de\/cms\/wp-json\/wp\/v2\/posts\/12994","targetHints":{"allow":["GET"]}}],"collection":[{"href":"https:\/\/soaplexikon.de\/cms\/wp-json\/wp\/v2\/posts"}],"about":[{"href":"https:\/\/soaplexikon.de\/cms\/wp-json\/wp\/v2\/types\/post"}],"author":[{"embeddable":true,"href":"https:\/\/soaplexikon.de\/cms\/wp-json\/wp\/v2\/users\/2"}],"replies":[{"embeddable":true,"href":"https:\/\/soaplexikon.de\/cms\/wp-json\/wp\/v2\/comments?post=12994"}],"version-history":[{"count":50,"href":"https:\/\/soaplexikon.de\/cms\/wp-json\/wp\/v2\/posts\/12994\/revisions"}],"predecessor-version":[{"id":33575,"href":"https:\/\/soaplexikon.de\/cms\/wp-json\/wp\/v2\/posts\/12994\/revisions\/33575"}],"wp:attachment":[{"href":"https:\/\/soaplexikon.de\/cms\/wp-json\/wp\/v2\/media?parent=12994"}],"wp:term":[{"taxonomy":"category","embeddable":true,"href":"https:\/\/soaplexikon.de\/cms\/wp-json\/wp\/v2\/categories?post=12994"},{"taxonomy":"post_tag","embeddable":true,"href":"https:\/\/soaplexikon.de\/cms\/wp-json\/wp\/v2\/tags?post=12994"}],"curies":[{"name":"wp","href":"https:\/\/api.w.org\/{rel}","templated":true}]}}