{"id":12097,"date":"2012-07-12T12:30:09","date_gmt":"2012-07-12T10:30:09","guid":{"rendered":"http:\/\/soaplexikon.de\/cms\/?p=12097"},"modified":"2014-04-15T20:27:10","modified_gmt":"2014-04-15T18:27:10","slug":"the-bold-the-beautiful-ab-september-2012-wieder-auf-tele-5","status":"publish","type":"post","link":"https:\/\/soaplexikon.de\/cms\/the-bold-the-beautiful-ab-september-2012-wieder-auf-tele-5\/","title":{"rendered":"The Bold &#038; The Beautiful: Ab September 2012 wieder auf TELE 5"},"content":{"rendered":"<p>Am 1. September 2012 kehrt die US-Soap &#8222;The Bold &amp; The Beautiful&#8220; (in Deutschland unter dem Titel &#8222;Reich und Sch\u00f6n&#8220;) wieder ins deutsche Fernsehen und zu TELE 5 zur\u00fcck.<\/p>\n<p style=\"text-align: center;\"><img loading=\"lazy\" decoding=\"async\" title=\"The Bold &amp; The Beautiful\" src=\"http:\/\/www.soaplexikon.de\/image\/bb_cast.jpg\" alt=\"\" width=\"432\" height=\"287\" \/><\/p>\n<p style=\"text-align: center;\">\u00a9 obs \/ TELE 5<\/p>\n<p>Jeden Samstag werden ab 12:40 Uhr f\u00fcnf Folgen am St\u00fcck gezeigt. Die Ausstrahlung beginnt mit der 5000. Folge.<br \/>\nZum Sendestart gibt es &#8222;Bettinas Hollywood -Special&#8220;, in dem Bettina von Schimmelmann \u00fcber die Kultsoap berichtet und Interviews mit den Stars der Serie gezeigt werden, die direkt am Set entstanden sind.<\/p>\n<p>Thomas Friedl, Programmdirektor TELE 5: &#8222;&#8218;Reich und Sch\u00f6n&#8216; hat wieder eine Heimat im deutschen Fernsehen und ist eine perfekte Erg\u00e4nzung f\u00fcr den frauenaffinen Samstag-Nachmittag auf TELE 5.&#8220;<\/p>\n","protected":false},"excerpt":{"rendered":"<p>Am 1. September 2012 kehrt die US-Soap &#8222;The Bold &amp; The Beautiful&#8220; (in Deutschland unter dem Titel &#8222;Reich und Sch\u00f6n&#8220;) wieder ins deutsche Fernsehen und zu TELE 5 zur\u00fcck. \u00a9 obs \/ TELE 5 Jeden Samstag werden ab 12:40 Uhr f\u00fcnf Folgen am St\u00fcck gezeigt. Die Ausstrahlung beginnt mit der 5000. Folge. Zum Sendestart gibt [&hellip;]<\/p>\n","protected":false},"author":4,"featured_media":0,"comment_status":"open","ping_status":"open","sticky":false,"template":"","format":"standard","meta":{"footnotes":""},"categories":[250],"tags":[],"class_list":["post-12097","post","type-post","status-publish","format-standard","hentry","category-the-bold-the-beautiful"],"_links":{"self":[{"href":"https:\/\/soaplexikon.de\/cms\/wp-json\/wp\/v2\/posts\/12097","targetHints":{"allow":["GET"]}}],"collection":[{"href":"https:\/\/soaplexikon.de\/cms\/wp-json\/wp\/v2\/posts"}],"about":[{"href":"https:\/\/soaplexikon.de\/cms\/wp-json\/wp\/v2\/types\/post"}],"author":[{"embeddable":true,"href":"https:\/\/soaplexikon.de\/cms\/wp-json\/wp\/v2\/users\/4"}],"replies":[{"embeddable":true,"href":"https:\/\/soaplexikon.de\/cms\/wp-json\/wp\/v2\/comments?post=12097"}],"version-history":[{"count":10,"href":"https:\/\/soaplexikon.de\/cms\/wp-json\/wp\/v2\/posts\/12097\/revisions"}],"predecessor-version":[{"id":25015,"href":"https:\/\/soaplexikon.de\/cms\/wp-json\/wp\/v2\/posts\/12097\/revisions\/25015"}],"wp:attachment":[{"href":"https:\/\/soaplexikon.de\/cms\/wp-json\/wp\/v2\/media?parent=12097"}],"wp:term":[{"taxonomy":"category","embeddable":true,"href":"https:\/\/soaplexikon.de\/cms\/wp-json\/wp\/v2\/categories?post=12097"},{"taxonomy":"post_tag","embeddable":true,"href":"https:\/\/soaplexikon.de\/cms\/wp-json\/wp\/v2\/tags?post=12097"}],"curies":[{"name":"wp","href":"https:\/\/api.w.org\/{rel}","templated":true}]}}