{"id":32647,"date":"2014-03-21T09:30:47","date_gmt":"2014-03-21T08:30:47","guid":{"rendered":"http:\/\/soaplexikon.de\/cms\/?p=32647"},"modified":"2015-02-03T12:58:56","modified_gmt":"2015-02-03T11:58:56","slug":"gute-zeiten-schlechte-zeiten-nadine-menz-ist-die-neue-ayla","status":"publish","type":"post","link":"http:\/\/soaplexikon.de\/cms\/gute-zeiten-schlechte-zeiten-nadine-menz-ist-die-neue-ayla\/","title":{"rendered":"Gute Zeiten Schlechte Zeiten: Nadine Menz ist die neue Ayla"},"content":{"rendered":"<table border=\"0\">\n<tbody>\n<tr>\n<td><img loading=\"lazy\" decoding=\"async\" class=\"alignnone\" title=\"Gute Zeiten Schlechte Zeiten\" alt=\"\" src=\"http:\/\/www.soaplexikon.de\/image\/gzsz_kl.jpg\" width=\"100\" height=\"100\" \/><\/td>\n<td>Viele GZSZ-Zuschauer haben sich gefragt, wie es nach Sila Sahins Ausstieg bei &#8222;Gute Zeiten, schlechte Zeiten&#8220; mit &#8222;Ayla H\u00f6fer&#8220; weitergehen wird. Die Fans haben sich eine R\u00fcckkehr des beliebten Serien-Charakters gew\u00fcnscht. Jetzt der Clou: Ayla wird in Folge 5.489 (07. Mai 2014) anders als junge Frau aus Frankfurt zur\u00fcckkommen.<\/td>\n<\/tr>\n<\/tbody>\n<\/table>\n<p><!--more-->Mit mehr Lebensfreude will sie einen Neuanfang wagen, zu ihren Fehlern der Vergangenheit stehen und daf\u00fcr Verantwortung tragen \u2013 schlie\u00dflich hat sie Freunde entt\u00e4uscht, ihre Ehe zerst\u00f6rt und ein Baby entf\u00fchrt!<\/p>\n<p>&#8222;Die Rolle Ayla ist unseren Zuschauern und uns sehr ans Herz gewachsen. Wir haben uns auch durch die Resonanz der letzten Wochen dazu entschieden, Ayla neu zu besetzen.&#8220; sagt <a title=\"Guido Reinhardt\" href=\"http:\/\/soaplexikon.de\/cms\/jeder-wie-er-will-ufa-serial-drama-startet-aktion-fuer-echte-toleranz\/\" target=\"_blank\">Guido Reinhardt<\/a>, Produzent bei UFA Serial Drama.<\/p>\n<p><script charset=\"utf-8\" type=\"text\/javascript\" src=\"http:\/\/ws-eu.amazon-adsystem.com\/widgets\/q?rt=tf_cw&amp;ServiceVersion=20070822&amp;MarketPlace=DE&amp;ID=V20070822%2FDE%2Fsoaplexikonde-21%2F8010%2F3349c4ac-0120-46ed-9823-7b3bd03cfdf6&amp;Operation=GetScriptTemplate\">\/\/ <![CDATA[\n\n\n\/\/ ]]><\/script><\/p>\n<p><noscript><A HREF=\"http:\/\/ws-eu.amazon-adsystem.com\/widgets\/q?rt=tf_cw&#038;ServiceVersion=20070822&#038;MarketPlace=DE&#038;ID=V20070822%2FDE%2Fsoaplexikonde-21%2F8010%2F3349c4ac-0120-46ed-9823-7b3bd03cfdf6&#038;Operation=NoScript\">Amazon.de Widgets<\/A><\/noscript>Nadine Menz wird zuk\u00fcnftig die Rolle der quirligen Physiotherapeutin verk\u00f6rpern. Die 23-j\u00e4hrige Schauspielerin steht ab sofort f\u00fcr GZSZ vor der Kamera. Die geb\u00fcrtige Bonnerin lebte zuletzt in K\u00f6ln und ist somit eine rheinische Frohnatur.<\/p>\n<p>Als Menz erfahren hat, dass sie die Rolle der Ayla H\u00f6fer bei GZSZ bekommt, ist sie als erstes jubelnd durch die K\u00fcche geh\u00fcpft. Die Schauspielerin findet es traumhaft, nun ein Teil der GZSZ-Familie zu sein. Da sie auch Familie und Freunde in Berlin hat, fiebert sie schon ihrem neuen Lebensabschnitt in der Hauptstadt entgegen.<\/p>\n<p>Auf die Frage, wie es sich anf\u00fchlt, in die Rolle der Ayla H\u00f6fer zu schl\u00fcpfen, sagt sie: &#8222;Ich finde es sehr spannend, eine bereits bekannte Rolle zu \u00fcbernehmen. Auf diese Aufgabe freue ich mich sehr! Ich w\u00fcnsche mir, dass die Zuschauer mich genauso herzlich empfangen, wie das komplett Ensemble es in Babelsberg getan hat. Vielen Dank daf\u00fcr!&#8220;<\/p>\n<p>\u00a9 RTL Kommunikation<\/p>\n","protected":false},"excerpt":{"rendered":"<p>Viele GZSZ-Zuschauer haben sich gefragt, wie es nach Sila Sahins Ausstieg bei &#8222;Gute Zeiten, schlechte Zeiten&#8220; mit &#8222;Ayla H\u00f6fer&#8220; weitergehen wird. Die Fans haben sich eine R\u00fcckkehr des beliebten Serien-Charakters gew\u00fcnscht. Jetzt der Clou: Ayla wird in Folge 5.489 (07. Mai 2014) anders als junge Frau aus Frankfurt zur\u00fcckkommen.<\/p>\n","protected":false},"author":4,"featured_media":0,"comment_status":"open","ping_status":"open","sticky":false,"template":"","format":"standard","meta":{"footnotes":""},"categories":[38],"tags":[862,900,891],"class_list":["post-32647","post","type-post","status-publish","format-standard","hentry","category-gute-zeiten-schlechte-zeiten","tag-guido-reinhardt","tag-nadine-menz","tag-sila-sahin"],"_links":{"self":[{"href":"http:\/\/soaplexikon.de\/cms\/wp-json\/wp\/v2\/posts\/32647","targetHints":{"allow":["GET"]}}],"collection":[{"href":"http:\/\/soaplexikon.de\/cms\/wp-json\/wp\/v2\/posts"}],"about":[{"href":"http:\/\/soaplexikon.de\/cms\/wp-json\/wp\/v2\/types\/post"}],"author":[{"embeddable":true,"href":"http:\/\/soaplexikon.de\/cms\/wp-json\/wp\/v2\/users\/4"}],"replies":[{"embeddable":true,"href":"http:\/\/soaplexikon.de\/cms\/wp-json\/wp\/v2\/comments?post=32647"}],"version-history":[{"count":3,"href":"http:\/\/soaplexikon.de\/cms\/wp-json\/wp\/v2\/posts\/32647\/revisions"}],"predecessor-version":[{"id":32651,"href":"http:\/\/soaplexikon.de\/cms\/wp-json\/wp\/v2\/posts\/32647\/revisions\/32651"}],"wp:attachment":[{"href":"http:\/\/soaplexikon.de\/cms\/wp-json\/wp\/v2\/media?parent=32647"}],"wp:term":[{"taxonomy":"category","embeddable":true,"href":"http:\/\/soaplexikon.de\/cms\/wp-json\/wp\/v2\/categories?post=32647"},{"taxonomy":"post_tag","embeddable":true,"href":"http:\/\/soaplexikon.de\/cms\/wp-json\/wp\/v2\/tags?post=32647"}],"curies":[{"name":"wp","href":"https:\/\/api.w.org\/{rel}","templated":true}]}}